{"id":2392,"date":"2023-10-21T12:11:07","date_gmt":"2023-10-21T10:11:07","guid":{"rendered":"https:\/\/chamanismedelaterre.fr\/?p=2392"},"modified":"2024-03-20T12:30:56","modified_gmt":"2024-03-20T11:30:56","slug":"cycle-2024-2025-initiation-a-la-pratique-chamanique-1er-septembre-2024-au-centre-elise-ma-a-vidauban-83","status":"publish","type":"post","link":"https:\/\/chamanismedelaterre.fr\/es\/cycle-2024-2025-initiation-a-la-pratique-chamanique-1er-septembre-2024-au-centre-elise-ma-a-vidauban-83\/","title":{"rendered":"CYCLE 2024-2025 : INITIATION A LA PRATIQUE CHAMANIQUE &#8211; 1er septembre 2024 au Centre Elise Ma \u00e0 Vidauban (83)"},"content":{"rendered":"<div class=\"vce-row-container\" data-vce-boxed-width=\"true\"><div class=\"vce-row vce-row--col-gap-30 vce-row-equal-height vce-row-content--top\" id=\"el-a9ae1f55\" data-vce-do-apply=\"all el-a9ae1f55\"><div class=\"vce-row-content\" data-vce-element-content=\"true\"><div class=\"vce-col vce-col--md-auto vce-col--xs-1 vce-col--xs-last vce-col--xs-first vce-col--sm-last vce-col--sm-first vce-col--md-last vce-col--lg-last vce-col--xl-last vce-col--md-first vce-col--lg-first vce-col--xl-first\" id=\"el-f1a8fcf0\"><div class=\"vce-col-inner\" data-vce-do-apply=\"border margin background  el-f1a8fcf0\"><div class=\"vce-col-content\" data-vce-element-content=\"true\" data-vce-do-apply=\"padding el-f1a8fcf0\"><div class=\"vce-single-image-container vce-single-image--align-center\"><div class=\"vce vce-single-image-wrapper\" id=\"el-93c23901\" data-vce-do-apply=\"all el-93c23901\"><figure><div class=\"vce-single-image-figure-inner\" style=\"width: 819px;\"><a href=\"https:\/\/chamanismedelaterre.fr\/es\/ateliers-presentiels\/\" title=\"Atelier Tambour M\u00e9decine au Centre Elise Ma \u00e0 Vidauban (83)\" target=\"_blank\" class=\"vce-single-image-inner vce-single-image--absolute vce-single-image--border-rounded\" style=\"width: 100%; padding-bottom: 125.031%;\" rel=\"noopener\"><img decoding=\"async\" class=\"vce-single-image\"  width=\"819\" height=\"1024\" srcset=\"https:\/\/i0.wp.com\/chamanismedelaterre.fr\/wp-content\/uploads\/2023\/10\/Tambour-Medecine-Cycle-2024-2025.png?resize=819%2C1024&#038;ssl=1 819w, https:\/\/chamanismedelaterre.fr\/wp-content\/uploads\/2023\/10\/Tambour-Medecine-Cycle-2024-2025-320x400.png 320w, https:\/\/chamanismedelaterre.fr\/wp-content\/uploads\/2023\/10\/Tambour-Medecine-Cycle-2024-2025-480x600.png 480w, https:\/\/chamanismedelaterre.fr\/wp-content\/uploads\/2023\/10\/Tambour-Medecine-Cycle-2024-2025-800x1000.png 800w\" src=\"https:\/\/i0.wp.com\/chamanismedelaterre.fr\/wp-content\/uploads\/2023\/10\/Tambour-Medecine-Cycle-2024-2025.png?resize=819%2C1024&#038;ssl=1\" data-img-src=\"https:\/\/chamanismedelaterre.fr\/wp-content\/uploads\/2023\/10\/Tambour-Medecine-Cycle-2024-2025.png\" data-attachment-id=\"2416\"  alt=\"Tambour M\u00e9decine - Cycle 2024-2025\" title=\"Tambour M\u00e9decine - Cycle 2024-2025\" data-recalc-dims=\"1\" \/><\/a><\/div><figcaption hidden=\"\"><\/figcaption><\/figure><\/div><\/div><\/div><\/div><\/div><\/div><\/div><\/div>","protected":false},"excerpt":{"rendered":"","protected":false},"author":2,"featured_media":2416,"comment_status":"closed","ping_status":"closed","sticky":false,"template":"","format":"standard","meta":{"footnotes":""},"categories":[63],"tags":[],"class_list":["post-2392","post","type-post","status-publish","format-standard","has-post-thumbnail","hentry","category-actualite"],"yoast_head":"<!-- This site is optimized with the Yoast SEO plugin v21.8 - https:\/\/yoast.com\/wordpress\/plugins\/seo\/ -->\n<title>CYCLE 2024-2025 : INITIATION A LA PRATIQUE CHAMANIQUE - 1er septembre 2024 au Centre Elise Ma \u00e0 Vidauban (83) - CHAMANISME DE LA TERRE<\/title>\n<meta name=\"description\" content=\"Atelier pr\u00e9sentiel d&#039;initiation \u00e0 la pratique chamanique : animal de pouvoir, voyages chamaniques, danse m\u00e9decine, chants sacr\u00e9s, etc.\" \/>\n<meta name=\"robots\" content=\"index, follow, max-snippet:-1, max-image-preview:large, max-video-preview:-1\" \/>\n<link rel=\"canonical\" href=\"https:\/\/chamanismedelaterre.fr\/es\/cycle-2024-2025-initiation-a-la-pratique-chamanique-1er-septembre-2024-au-centre-elise-ma-a-vidauban-83\/\" \/>\n<meta property=\"og:locale\" content=\"es_ES\" \/>\n<meta property=\"og:type\" content=\"article\" \/>\n<meta property=\"og:title\" content=\"CYCLE 2024-2025 : INITIATION A LA PRATIQUE CHAMANIQUE - 1er septembre 2024 au Centre Elise Ma \u00e0 Vidauban (83) - CHAMANISME DE LA TERRE\" \/>\n<meta property=\"og:description\" content=\"Atelier pr\u00e9sentiel d&#039;initiation \u00e0 la pratique chamanique : animal de pouvoir, voyages chamaniques, danse m\u00e9decine, chants sacr\u00e9s, etc.\" \/>\n<meta property=\"og:url\" content=\"https:\/\/chamanismedelaterre.fr\/es\/cycle-2024-2025-initiation-a-la-pratique-chamanique-1er-septembre-2024-au-centre-elise-ma-a-vidauban-83\/\" \/>\n<meta property=\"og:site_name\" content=\"CHAMANISME DE LA TERRE\" \/>\n<meta property=\"article:published_time\" content=\"2023-10-21T10:11:07+00:00\" \/>\n<meta property=\"article:modified_time\" content=\"2024-03-20T11:30:56+00:00\" \/>\n<meta property=\"og:image\" content=\"https:\/\/chamanismedelaterre.fr\/wp-content\/uploads\/2023\/10\/Tambour-Medecine-Cycle-2024-2025-819x1024.png\" \/>\n\t<meta property=\"og:image:width\" content=\"819\" \/>\n\t<meta property=\"og:image:height\" content=\"1024\" \/>\n\t<meta property=\"og:image:type\" content=\"image\/png\" \/>\n<meta name=\"author\" content=\"Marie Ange FERNANDEZ\" \/>\n<meta name=\"twitter:card\" content=\"summary_large_image\" \/>\n<meta name=\"twitter:label1\" content=\"Escrito por\" \/>\n\t<meta name=\"twitter:data1\" content=\"Marie Ange FERNANDEZ\" \/>\n\t<meta name=\"twitter:label2\" content=\"Tiempo de lectura\" \/>\n\t<meta name=\"twitter:data2\" content=\"1 minuto\" \/>\n<script type=\"application\/ld+json\" class=\"yoast-schema-graph\">{\"@context\":\"https:\/\/schema.org\",\"@graph\":[{\"@type\":\"WebPage\",\"@id\":\"https:\/\/chamanismedelaterre.fr\/cycle-2024-2025-initiation-a-la-pratique-chamanique-1er-septembre-2024-au-centre-elise-ma-a-vidauban-83\/\",\"url\":\"https:\/\/chamanismedelaterre.fr\/cycle-2024-2025-initiation-a-la-pratique-chamanique-1er-septembre-2024-au-centre-elise-ma-a-vidauban-83\/\",\"name\":\"CYCLE 2024-2025 : INITIATION A LA PRATIQUE CHAMANIQUE - 1er septembre 2024 au Centre Elise Ma \u00e0 Vidauban (83) - CHAMANISME DE LA TERRE\",\"isPartOf\":{\"@id\":\"https:\/\/chamanismedelaterre.fr\/#website\"},\"datePublished\":\"2023-10-21T10:11:07+00:00\",\"dateModified\":\"2024-03-20T11:30:56+00:00\",\"author\":{\"@id\":\"https:\/\/chamanismedelaterre.fr\/#\/schema\/person\/9ac3cfe0b481de4f086bcc12d1bbfdf2\"},\"description\":\"Atelier pr\u00e9sentiel d'initiation \u00e0 la pratique chamanique : animal de pouvoir, voyages chamaniques, danse m\u00e9decine, chants sacr\u00e9s, etc.\",\"breadcrumb\":{\"@id\":\"https:\/\/chamanismedelaterre.fr\/cycle-2024-2025-initiation-a-la-pratique-chamanique-1er-septembre-2024-au-centre-elise-ma-a-vidauban-83\/#breadcrumb\"},\"inLanguage\":\"es\",\"potentialAction\":[{\"@type\":\"ReadAction\",\"target\":[\"https:\/\/chamanismedelaterre.fr\/cycle-2024-2025-initiation-a-la-pratique-chamanique-1er-septembre-2024-au-centre-elise-ma-a-vidauban-83\/\"]}]},{\"@type\":\"BreadcrumbList\",\"@id\":\"https:\/\/chamanismedelaterre.fr\/cycle-2024-2025-initiation-a-la-pratique-chamanique-1er-septembre-2024-au-centre-elise-ma-a-vidauban-83\/#breadcrumb\",\"itemListElement\":[{\"@type\":\"ListItem\",\"position\":1,\"name\":\"Accueil\",\"item\":\"https:\/\/chamanismedelaterre.fr\/\"},{\"@type\":\"ListItem\",\"position\":2,\"name\":\"CYCLE 2024-2025 : INITIATION A LA PRATIQUE CHAMANIQUE &#8211; 1er septembre 2024 au Centre Elise Ma \u00e0 Vidauban (83)\"}]},{\"@type\":\"WebSite\",\"@id\":\"https:\/\/chamanismedelaterre.fr\/#website\",\"url\":\"https:\/\/chamanismedelaterre.fr\/\",\"name\":\"CHAMANISME DE LA TERRE\",\"description\":\"CHAMANISME DE LA TERRE? Marie-Ange Fernandez\",\"potentialAction\":[{\"@type\":\"SearchAction\",\"target\":{\"@type\":\"EntryPoint\",\"urlTemplate\":\"https:\/\/chamanismedelaterre.fr\/?s={search_term_string}\"},\"query-input\":\"required name=search_term_string\"}],\"inLanguage\":\"es\"},{\"@type\":\"Person\",\"@id\":\"https:\/\/chamanismedelaterre.fr\/#\/schema\/person\/9ac3cfe0b481de4f086bcc12d1bbfdf2\",\"name\":\"Marie Ange FERNANDEZ\",\"image\":{\"@type\":\"ImageObject\",\"inLanguage\":\"es\",\"@id\":\"https:\/\/chamanismedelaterre.fr\/#\/schema\/person\/image\/\",\"url\":\"https:\/\/secure.gravatar.com\/avatar\/9ce77ce44621efa3058d651e134a0f14ce1841b7029cc04ec468e202c4a5aee3?s=96&d=mm&r=g\",\"contentUrl\":\"https:\/\/secure.gravatar.com\/avatar\/9ce77ce44621efa3058d651e134a0f14ce1841b7029cc04ec468e202c4a5aee3?s=96&d=mm&r=g\",\"caption\":\"Marie Ange FERNANDEZ\"},\"url\":\"https:\/\/chamanismedelaterre.fr\/es\/author\/marie-ange\/\"}]}<\/script>\n<!-- \/ Yoast SEO plugin. -->","yoast_head_json":{"title":"CYCLE 2024-2025 : INITIATION A LA PRATIQUE CHAMANIQUE - 1er septembre 2024 au Centre Elise Ma \u00e0 Vidauban (83) - CHAMANISME DE LA TERRE","description":"Atelier pr\u00e9sentiel d'initiation \u00e0 la pratique chamanique : animal de pouvoir, voyages chamaniques, danse m\u00e9decine, chants sacr\u00e9s, etc.","robots":{"index":"index","follow":"follow","max-snippet":"max-snippet:-1","max-image-preview":"max-image-preview:large","max-video-preview":"max-video-preview:-1"},"canonical":"https:\/\/chamanismedelaterre.fr\/es\/cycle-2024-2025-initiation-a-la-pratique-chamanique-1er-septembre-2024-au-centre-elise-ma-a-vidauban-83\/","og_locale":"es_ES","og_type":"article","og_title":"CYCLE 2024-2025 : INITIATION A LA PRATIQUE CHAMANIQUE - 1er septembre 2024 au Centre Elise Ma \u00e0 Vidauban (83) - CHAMANISME DE LA TERRE","og_description":"Atelier pr\u00e9sentiel d'initiation \u00e0 la pratique chamanique : animal de pouvoir, voyages chamaniques, danse m\u00e9decine, chants sacr\u00e9s, etc.","og_url":"https:\/\/chamanismedelaterre.fr\/es\/cycle-2024-2025-initiation-a-la-pratique-chamanique-1er-septembre-2024-au-centre-elise-ma-a-vidauban-83\/","og_site_name":"CHAMANISME DE LA TERRE","article_published_time":"2023-10-21T10:11:07+00:00","article_modified_time":"2024-03-20T11:30:56+00:00","og_image":[{"width":819,"height":1024,"url":"https:\/\/chamanismedelaterre.fr\/wp-content\/uploads\/2023\/10\/Tambour-Medecine-Cycle-2024-2025-819x1024.png","type":"image\/png"}],"author":"Marie Ange FERNANDEZ","twitter_card":"summary_large_image","twitter_misc":{"Escrito por":"Marie Ange FERNANDEZ","Tiempo de lectura":"1 minuto"},"schema":{"@context":"https:\/\/schema.org","@graph":[{"@type":"WebPage","@id":"https:\/\/chamanismedelaterre.fr\/cycle-2024-2025-initiation-a-la-pratique-chamanique-1er-septembre-2024-au-centre-elise-ma-a-vidauban-83\/","url":"https:\/\/chamanismedelaterre.fr\/cycle-2024-2025-initiation-a-la-pratique-chamanique-1er-septembre-2024-au-centre-elise-ma-a-vidauban-83\/","name":"CYCLE 2024-2025 : INITIATION A LA PRATIQUE CHAMANIQUE - 1er septembre 2024 au Centre Elise Ma \u00e0 Vidauban (83) - CHAMANISME DE LA TERRE","isPartOf":{"@id":"https:\/\/chamanismedelaterre.fr\/#website"},"datePublished":"2023-10-21T10:11:07+00:00","dateModified":"2024-03-20T11:30:56+00:00","author":{"@id":"https:\/\/chamanismedelaterre.fr\/#\/schema\/person\/9ac3cfe0b481de4f086bcc12d1bbfdf2"},"description":"Atelier pr\u00e9sentiel d'initiation \u00e0 la pratique chamanique : animal de pouvoir, voyages chamaniques, danse m\u00e9decine, chants sacr\u00e9s, etc.","breadcrumb":{"@id":"https:\/\/chamanismedelaterre.fr\/cycle-2024-2025-initiation-a-la-pratique-chamanique-1er-septembre-2024-au-centre-elise-ma-a-vidauban-83\/#breadcrumb"},"inLanguage":"es","potentialAction":[{"@type":"ReadAction","target":["https:\/\/chamanismedelaterre.fr\/cycle-2024-2025-initiation-a-la-pratique-chamanique-1er-septembre-2024-au-centre-elise-ma-a-vidauban-83\/"]}]},{"@type":"BreadcrumbList","@id":"https:\/\/chamanismedelaterre.fr\/cycle-2024-2025-initiation-a-la-pratique-chamanique-1er-septembre-2024-au-centre-elise-ma-a-vidauban-83\/#breadcrumb","itemListElement":[{"@type":"ListItem","position":1,"name":"Accueil","item":"https:\/\/chamanismedelaterre.fr\/"},{"@type":"ListItem","position":2,"name":"CYCLE 2024-2025 : INITIATION A LA PRATIQUE CHAMANIQUE &#8211; 1er septembre 2024 au Centre Elise Ma \u00e0 Vidauban (83)"}]},{"@type":"WebSite","@id":"https:\/\/chamanismedelaterre.fr\/#website","url":"https:\/\/chamanismedelaterre.fr\/","name":"CHAMANISME DE LA TERRE","description":"CHAMANISME DE LA TERRE? Marie-Ange Fernandez","potentialAction":[{"@type":"SearchAction","target":{"@type":"EntryPoint","urlTemplate":"https:\/\/chamanismedelaterre.fr\/?s={search_term_string}"},"query-input":"required name=search_term_string"}],"inLanguage":"es"},{"@type":"Person","@id":"https:\/\/chamanismedelaterre.fr\/#\/schema\/person\/9ac3cfe0b481de4f086bcc12d1bbfdf2","name":"Marie Ange FERNANDEZ","image":{"@type":"ImageObject","inLanguage":"es","@id":"https:\/\/chamanismedelaterre.fr\/#\/schema\/person\/image\/","url":"https:\/\/secure.gravatar.com\/avatar\/9ce77ce44621efa3058d651e134a0f14ce1841b7029cc04ec468e202c4a5aee3?s=96&d=mm&r=g","contentUrl":"https:\/\/secure.gravatar.com\/avatar\/9ce77ce44621efa3058d651e134a0f14ce1841b7029cc04ec468e202c4a5aee3?s=96&d=mm&r=g","caption":"Marie Ange FERNANDEZ"},"url":"https:\/\/chamanismedelaterre.fr\/es\/author\/marie-ange\/"}]}},"jetpack_sharing_enabled":true,"jetpack_featured_media_url":"https:\/\/i0.wp.com\/chamanismedelaterre.fr\/wp-content\/uploads\/2023\/10\/Tambour-Medecine-Cycle-2024-2025.png?fit=1080%2C1350&ssl=1","_links":{"self":[{"href":"https:\/\/chamanismedelaterre.fr\/es\/wp-json\/wp\/v2\/posts\/2392","targetHints":{"allow":["GET"]}}],"collection":[{"href":"https:\/\/chamanismedelaterre.fr\/es\/wp-json\/wp\/v2\/posts"}],"about":[{"href":"https:\/\/chamanismedelaterre.fr\/es\/wp-json\/wp\/v2\/types\/post"}],"author":[{"embeddable":true,"href":"https:\/\/chamanismedelaterre.fr\/es\/wp-json\/wp\/v2\/users\/2"}],"replies":[{"embeddable":true,"href":"https:\/\/chamanismedelaterre.fr\/es\/wp-json\/wp\/v2\/comments?post=2392"}],"version-history":[{"count":5,"href":"https:\/\/chamanismedelaterre.fr\/es\/wp-json\/wp\/v2\/posts\/2392\/revisions"}],"predecessor-version":[{"id":2418,"href":"https:\/\/chamanismedelaterre.fr\/es\/wp-json\/wp\/v2\/posts\/2392\/revisions\/2418"}],"wp:featuredmedia":[{"embeddable":true,"href":"https:\/\/chamanismedelaterre.fr\/es\/wp-json\/wp\/v2\/media\/2416"}],"wp:attachment":[{"href":"https:\/\/chamanismedelaterre.fr\/es\/wp-json\/wp\/v2\/media?parent=2392"}],"wp:term":[{"taxonomy":"category","embeddable":true,"href":"https:\/\/chamanismedelaterre.fr\/es\/wp-json\/wp\/v2\/categories?post=2392"},{"taxonomy":"post_tag","embeddable":true,"href":"https:\/\/chamanismedelaterre.fr\/es\/wp-json\/wp\/v2\/tags?post=2392"}],"curies":[{"name":"wp","href":"https:\/\/api.w.org\/{rel}","templated":true}]}}